{"id":1040,"date":"2022-11-13T17:34:43","date_gmt":"2022-11-13T17:34:43","guid":{"rendered":"https:\/\/www.colmus.org\/es\/?p=1040"},"modified":"2022-11-14T08:07:48","modified_gmt":"2022-11-14T08:07:48","slug":"concierto-de-navidad-marbella-2022","status":"publish","type":"post","link":"https:\/\/www.colmus.org\/es\/2022\/11\/13\/concierto-de-navidad-marbella-2022\/","title":{"rendered":"CONCIERTO DE NAVIDAD MARBELLA 2022"},"content":{"rendered":"<h1>el MESIAS &#8211; G.F. HANDEL<\/h1>\n<p>Este mes de diciembre el Coro &amp; Orquesta COLLEGIUM MUSICUM COSTA DEL SOL junto a 4 solistas internacionales, interpretar\u00e1n \u201cEL MESIAS\u201d de Haendel, bajo la direcci\u00f3n de Delyth Bressington.<\/p>\n<p>Les invitamos cordialmente a comenzar sus celebraciones navide\u00f1as con nosotros, en el Sal\u00f3n Real del Hotel IPV Palace &amp; Spa de Fuengirola, el domingo 11 de diciembre a las 19:30h, as\u00ed como el martes 13 de diciembre\u00a0en Marbella.<\/p>\n<p>Las entradas para el concierto de Fuengirola tienen un precio de 12\u20ac (entrada gratuita para menores de 16 a\u00f1os) y est\u00e1n disponibles en el Hotel IPV Palace, Cafeter\u00eda Lepanto de Fuengirola (calle principal), tambi\u00e9n a trav\u00e9s de los integrantes del Collegium Musicum Costa del Sol, estar\u00e1n la venta en la puerta de entrada del Sal\u00f3n Real del Hotel IPV a partir de las 19:00h o directamente por e-mail al correo <a href=\"mailto:info@colmus.org\">info@colmus.org<\/a><\/p>\n<p>Celebraremos una segunda actuaci\u00f3n a beneficio de la organizaci\u00f3n\u00a0\u00abC\u00e1ritas Encarnaci\u00f3n\u00bb, el martes 13 de diciembre a las 20:30h en la Iglesia de la Encarnaci\u00f3n de Marbella.<\/p>\n<p>S\u00edgannos en nuestra p\u00e1gina de Facebook para obtener informaci\u00f3n m\u00e1s actualizada: Coro y Orquesta Collegium Musicum CdS.<\/p>\n","protected":false},"excerpt":{"rendered":"<p>el MESIAS &#8211; G.F. HANDEL Este mes de diciembre el Coro &amp; Orquesta COLLEGIUM MUSICUM COSTA DEL SOL junto a 4 solistas internacionales, interpretar\u00e1n \u201cEL MESIAS\u201d de Haendel, bajo la direcci\u00f3n de Delyth Bressington. Les invitamos cordialmente a comenzar sus celebraciones navide\u00f1as con nosotros, en el Sal\u00f3n Real del Hotel IPV Palace &amp; Spa de..<\/p>\n","protected":false},"author":3,"featured_media":1043,"comment_status":"open","ping_status":"closed","sticky":false,"template":"","format":"standard","meta":{"_acf_changed":false,"footnotes":""},"categories":[41,43,42,38],"tags":[],"class_list":["post-1040","post","type-post","status-publish","format-standard","has-post-thumbnail","hentry","category-handel","category-marbella","category-mesias","category-navidad"],"acf":[],"_links":{"self":[{"href":"https:\/\/www.colmus.org\/es\/wp-json\/wp\/v2\/posts\/1040","targetHints":{"allow":["GET"]}}],"collection":[{"href":"https:\/\/www.colmus.org\/es\/wp-json\/wp\/v2\/posts"}],"about":[{"href":"https:\/\/www.colmus.org\/es\/wp-json\/wp\/v2\/types\/post"}],"author":[{"embeddable":true,"href":"https:\/\/www.colmus.org\/es\/wp-json\/wp\/v2\/users\/3"}],"replies":[{"embeddable":true,"href":"https:\/\/www.colmus.org\/es\/wp-json\/wp\/v2\/comments?post=1040"}],"version-history":[{"count":2,"href":"https:\/\/www.colmus.org\/es\/wp-json\/wp\/v2\/posts\/1040\/revisions"}],"predecessor-version":[{"id":1045,"href":"https:\/\/www.colmus.org\/es\/wp-json\/wp\/v2\/posts\/1040\/revisions\/1045"}],"wp:featuredmedia":[{"embeddable":true,"href":"https:\/\/www.colmus.org\/es\/wp-json\/wp\/v2\/media\/1043"}],"wp:attachment":[{"href":"https:\/\/www.colmus.org\/es\/wp-json\/wp\/v2\/media?parent=1040"}],"wp:term":[{"taxonomy":"category","embeddable":true,"href":"https:\/\/www.colmus.org\/es\/wp-json\/wp\/v2\/categories?post=1040"},{"taxonomy":"post_tag","embeddable":true,"href":"https:\/\/www.colmus.org\/es\/wp-json\/wp\/v2\/tags?post=1040"}],"curies":[{"name":"wp","href":"https:\/\/api.w.org\/{rel}","templated":true}]}}