{"id":1085,"date":"2023-05-03T09:37:06","date_gmt":"2023-05-03T08:37:06","guid":{"rendered":"https:\/\/www.colmus.org\/es\/?p=1085"},"modified":"2023-05-03T09:37:06","modified_gmt":"2023-05-03T08:37:06","slug":"conciertos-de-mayo-coro-y-orquesta-collegium-musicum","status":"publish","type":"post","link":"https:\/\/www.colmus.org\/es\/2023\/05\/03\/conciertos-de-mayo-coro-y-orquesta-collegium-musicum\/","title":{"rendered":"Conciertos de Mayo Coro y Orquesta Collegium Musicum"},"content":{"rendered":"<h1>CONCIERTOS DE MAYO DEL CORO Y ORQUESTA \u00abCOLLEGIUM MUSICUM<\/h1>\n<p>A finales de mayo el \u00abCoro y Orquesta &#8216;COLLEGIUM MUSICUM COSTA DEL SOL\u00bb le invita a unirse a ellos en Fuengirola a las 20:00h el domingo 28 de mayo en el Hotel IPV Palace para un concierto con la m\u00fasica de Felix Mendelssohn.<\/p>\n<p>Joana Santandreu Teixidor, prodigio barcelon\u00e9s de 13 a\u00f1os, interpretar\u00e1 con la orquesta el Concierto para viol\u00edn de Mendelssohn: Joana es la ganadora del primer \u00abAnnemarie Phillips Memorial Prize\u00bb, concedido en memoria de nuestra difunta Directora de M\u00fasica. Lo obtuvo en el Concurso J\u00f3venes Int\u00e9rpretes Ciudad de Estepona 2022. El coro, la orquesta y los solistas invitados interpretar\u00e1n la Segunda Sinfon\u00eda de Mendelssohn \u00abLobgesang\u00bb (Himno de Alabanza).<\/p>\n<p>Las entradas cuestan 12 euros (menores de 16 a\u00f1os gratis) y est\u00e1n disponibles en el Hotel IPV Palace, Cafeter\u00eda Lepanto (calle principal de Fuengirola), a trav\u00e9s de los miembros de Collegium Musicum y a la venta el mismo d\u00eda. Fuengirola (calle principal), Llamar al 952 775492 o 686 277 272 o e-mail info@colmus.org o contactar aqu\u00ed.<\/p>\n<p>El martes 30 de mayo, el concierto se repetir\u00e1 en la Iglesia de la Encarnaci\u00f3n de Marbella a las 21:00h. No hay entradas para este concierto, pero pedimos un generoso donativo para las necesidades ben\u00e9ficas de\u00a0la\u00a0parroquia.<\/p>\n","protected":false},"excerpt":{"rendered":"<p>CONCIERTOS DE MAYO DEL CORO Y ORQUESTA \u00abCOLLEGIUM MUSICUM A finales de mayo el \u00abCoro y Orquesta &#8216;COLLEGIUM MUSICUM COSTA DEL SOL\u00bb le invita a unirse a ellos en Fuengirola a las 20:00h el domingo 28 de mayo en el Hotel IPV Palace para un concierto con la m\u00fasica de Felix Mendelssohn. Joana Santandreu Teixidor,..<\/p>\n","protected":false},"author":3,"featured_media":1083,"comment_status":"open","ping_status":"closed","sticky":false,"template":"","format":"standard","meta":{"_acf_changed":false,"footnotes":""},"categories":[32,8,44,46,45,43,47],"tags":[],"class_list":["post-1085","post","type-post","status-publish","format-standard","has-post-thumbnail","hentry","category-concierto","category-conciertos","category-fuengirola","category-hotel-ipv-palace","category-la-iglesia-encarnacion","category-marbella","category-mendelssohn"],"acf":[],"_links":{"self":[{"href":"https:\/\/www.colmus.org\/es\/wp-json\/wp\/v2\/posts\/1085","targetHints":{"allow":["GET"]}}],"collection":[{"href":"https:\/\/www.colmus.org\/es\/wp-json\/wp\/v2\/posts"}],"about":[{"href":"https:\/\/www.colmus.org\/es\/wp-json\/wp\/v2\/types\/post"}],"author":[{"embeddable":true,"href":"https:\/\/www.colmus.org\/es\/wp-json\/wp\/v2\/users\/3"}],"replies":[{"embeddable":true,"href":"https:\/\/www.colmus.org\/es\/wp-json\/wp\/v2\/comments?post=1085"}],"version-history":[{"count":2,"href":"https:\/\/www.colmus.org\/es\/wp-json\/wp\/v2\/posts\/1085\/revisions"}],"predecessor-version":[{"id":1087,"href":"https:\/\/www.colmus.org\/es\/wp-json\/wp\/v2\/posts\/1085\/revisions\/1087"}],"wp:featuredmedia":[{"embeddable":true,"href":"https:\/\/www.colmus.org\/es\/wp-json\/wp\/v2\/media\/1083"}],"wp:attachment":[{"href":"https:\/\/www.colmus.org\/es\/wp-json\/wp\/v2\/media?parent=1085"}],"wp:term":[{"taxonomy":"category","embeddable":true,"href":"https:\/\/www.colmus.org\/es\/wp-json\/wp\/v2\/categories?post=1085"},{"taxonomy":"post_tag","embeddable":true,"href":"https:\/\/www.colmus.org\/es\/wp-json\/wp\/v2\/tags?post=1085"}],"curies":[{"name":"wp","href":"https:\/\/api.w.org\/{rel}","templated":true}]}}