{"id":1111,"date":"2023-09-22T18:35:41","date_gmt":"2023-09-22T17:35:41","guid":{"rendered":"https:\/\/www.colmus.org\/es\/?p=1111"},"modified":"2023-09-22T18:35:41","modified_gmt":"2023-09-22T17:35:41","slug":"nueva-temporada-nuevos-miembros","status":"publish","type":"post","link":"https:\/\/www.colmus.org\/es\/2023\/09\/22\/nueva-temporada-nuevos-miembros\/","title":{"rendered":"Nueva Temporada &#8211; Nuevos Miembros"},"content":{"rendered":"<h1>Nueva Temporada &#8211;\u00a0Llamada a nuevos miembros &#8211;<\/h1>\n<h2>Cantantes e Instrumentistas<\/h2>\n<h5>Tras la pausa estival, el Collegium Musicum comenzar\u00e1 la nueva temporada el martes 12 de septiembre. \u00a1Nuestros miembros tienen muchas ganas de reanudar sus ensayos semanales y nos complacer\u00eda much\u00edsimo dar la bienvenida a nuevos miembros que se quieran unir a nuestro grupo!\u00a0\u00a0Collegium Musicum se caracteriza por el hecho de que j\u00f3venes y mayores act\u00faan conjuntamente, que la categor\u00eda var\u00eda desde el aficionado entusiasta al buen profesional y que somos una sociedad muy afable y acogedora, verdaderamente internacional, con miembros procedentes de m\u00e1s de 20 pa\u00edses diferentes.<\/h5>\n<h5>Los ensayos se celebran en la Iglesia Danesa de Las Lagunas. No son necesarias audiciones y proporcionamos CDs y enlaces web MP3 para cada voz\u00a0para facilitar la pr\u00e1ctica.<\/h5>\n<h5>La m\u00fasica escogida para los conciertos de este mes de diciembre es una gran mezcla de m\u00fasica navide\u00f1a de todo el mundo m\u00e1s un concierto para fagot de Edouard du Puy.<\/h5>\n<h5>\u00bfPor qu\u00e9 no te acercas y nos visitas para ver qui\u00e9nes somos y como actuamos? M\u00e1s detalles en nuestro sitio web <a href=\"http:\/\/www.colmus.org\">www.colmus.org<\/a> o si tienes alguna duda o deseas informaci\u00f3n, env\u00edanos un correo electr\u00f3nico a <a href=\"mailto:info@colmus.org\">info@colmus.org<\/a><\/h5>\n<h4><\/h4>\n","protected":false},"excerpt":{"rendered":"<p>Tras la pausa estival, el Collegium Musicum comenzar\u00e1 la nueva temporada el martes 12 de septiembre. \u00a1Nuestros miembros tienen muchas ganas de reanudar sus ensayos semanales y nos complacer\u00eda much\u00edsimo dar la bienvenida a nuevos miembros que se quieran unir a nuestro grupo!<br \/>\n Collegium Musicum se caracteriza por el hecho de que j\u00f3venes y mayores act\u00faan conjuntamente, que la categor\u00eda var\u00eda desde el aficionado entusiasta al buen profesional y que somos una sociedad muy afable y acogedora, verdaderamente internacional, con miembros procedentes de m\u00e1s de 20 pa\u00edses diferentes.<\/p>\n","protected":false},"author":3,"featured_media":1112,"comment_status":"open","ping_status":"closed","sticky":false,"template":"","format":"standard","meta":{"_acf_changed":false,"footnotes":""},"categories":[5,48],"tags":[],"class_list":["post-1111","post","type-post","status-publish","format-standard","has-post-thumbnail","hentry","category-miembros","category-nueva-temporada"],"acf":[],"_links":{"self":[{"href":"https:\/\/www.colmus.org\/es\/wp-json\/wp\/v2\/posts\/1111","targetHints":{"allow":["GET"]}}],"collection":[{"href":"https:\/\/www.colmus.org\/es\/wp-json\/wp\/v2\/posts"}],"about":[{"href":"https:\/\/www.colmus.org\/es\/wp-json\/wp\/v2\/types\/post"}],"author":[{"embeddable":true,"href":"https:\/\/www.colmus.org\/es\/wp-json\/wp\/v2\/users\/3"}],"replies":[{"embeddable":true,"href":"https:\/\/www.colmus.org\/es\/wp-json\/wp\/v2\/comments?post=1111"}],"version-history":[{"count":4,"href":"https:\/\/www.colmus.org\/es\/wp-json\/wp\/v2\/posts\/1111\/revisions"}],"predecessor-version":[{"id":1116,"href":"https:\/\/www.colmus.org\/es\/wp-json\/wp\/v2\/posts\/1111\/revisions\/1116"}],"wp:featuredmedia":[{"embeddable":true,"href":"https:\/\/www.colmus.org\/es\/wp-json\/wp\/v2\/media\/1112"}],"wp:attachment":[{"href":"https:\/\/www.colmus.org\/es\/wp-json\/wp\/v2\/media?parent=1111"}],"wp:term":[{"taxonomy":"category","embeddable":true,"href":"https:\/\/www.colmus.org\/es\/wp-json\/wp\/v2\/categories?post=1111"},{"taxonomy":"post_tag","embeddable":true,"href":"https:\/\/www.colmus.org\/es\/wp-json\/wp\/v2\/tags?post=1111"}],"curies":[{"name":"wp","href":"https:\/\/api.w.org\/{rel}","templated":true}]}}