{"id":1121,"date":"2023-11-25T15:50:14","date_gmt":"2023-11-25T15:50:14","guid":{"rendered":"https:\/\/www.colmus.org\/es\/?p=1121"},"modified":"2023-11-25T15:51:09","modified_gmt":"2023-11-25T15:51:09","slug":"musica-navidena-alrededor-del-mundo","status":"publish","type":"post","link":"https:\/\/www.colmus.org\/es\/2023\/11\/25\/musica-navidena-alrededor-del-mundo\/","title":{"rendered":"M\u00daSICA NAVIDE\u00d1A ALREDEDOR DEL MUNDO"},"content":{"rendered":"<h2><strong>M\u00daSICA NAVIDE\u00d1A ALREDEDOR DEL MUNDO con \u00abCOLLEGIUM MUSICUM COSTA DEL SOL\u201d<\/strong><\/h2>\n<h3 style=\"text-align: justify\">\u00a0Este mes de diciembre, el Coro y Orquesta COLLEGIUM MUSICUM COSTA DEL SOL, dirigido por Delyth Bressington, presentar\u00e1 dos conciertos de m\u00fasica navide\u00f1a de todo el mundo. Interpretar\u00e1n una mezcla de preciosa m\u00fasica navide\u00f1a llena de ritmos vibrantes y melod\u00edas encantadoras. Estamos orgulloso de poder presentar a dos j\u00f3venes m\u00fasicos de nuestra regi\u00f3n, con gran talento y que actuar\u00e1n con nosotros: la mezzosoprano Sofia Hvid-Hansen, de Mijas, y el fagotista George Bailey, de Sotogrande. Interpretar\u00e1n un concierto para fagot con la orquesta.<\/h3>\n<h4 style=\"text-align: justify\">Le invitamos cordialmente a iniciar sus celebraciones navide\u00f1as internacionales con nosotros, en el Sal\u00f3n Real del Hotel IPV Palace &amp; Spa de Fuengirola, el domingo 10 de diciembre a las 19:30h y el martes 12 de diciembre a las 20:30h en la Iglesia de la Encarnaci\u00f3n de Marbella (a beneficio de una organizaci\u00f3n ben\u00e9fica local).<\/h4>\n<h4 style=\"text-align: justify\">Las entradas para el concierto en Fuengirola se han puesto a la venta a 12 euros (entrada gratuita para menores de 16 a\u00f1os) y est\u00e1n disponibles en el Hotel IPV Palace, Cafeter\u00eda Lepanto de Fuengirola (calle Ram\u00f3n y Cajal), directamente de los miembros de Collegium Musicum y a la venta a partir de las 19:00h en la puerta del sal\u00f3n Real del Hotel IPV o tambi\u00e9n por correo electr\u00f3nico a la direcci\u00f3n info@colmus.org.<\/h4>\n<h4>\u00a0Siga nuestra p\u00e1gina de Facebook para m\u00e1s informaci\u00f3n actualizada &#8211; coro y orquesta Collegium Musicum CdS<\/h4>\n","protected":false},"excerpt":{"rendered":"<p>Este mes de diciembre, el Coro y Orquesta COLLEGIUM MUSICUM COSTA DEL SOL, dirigido por Delyth Bressington, presentar\u00e1 dos conciertos de m\u00fasica navide\u00f1a de todo el mundo. Interpretar\u00e1n una mezcla de preciosa m\u00fasica navide\u00f1a llena de ritmos vibrantes y melod\u00edas encantadoras. Estamos orgulloso de poder presentar a dos j\u00f3venes m\u00fasicos de nuestra regi\u00f3n, con gran talento y que actuar\u00e1n con nosotros: la mezzosoprano Sofia Hvid-Hansen, de Mijas, y el fagotista George Bailey, de Sotogrande. Interpretar\u00e1n un concierto para fagot con la orquesta. <\/p>\n","protected":false},"author":3,"featured_media":1123,"comment_status":"open","ping_status":"closed","sticky":false,"template":"","format":"standard","meta":{"_acf_changed":false,"footnotes":""},"categories":[32,8,44,46,45,43,38,10],"tags":[],"class_list":["post-1121","post","type-post","status-publish","format-standard","has-post-thumbnail","hentry","category-concierto","category-conciertos","category-fuengirola","category-hotel-ipv-palace","category-la-iglesia-encarnacion","category-marbella","category-navidad","category-programma"],"acf":[],"_links":{"self":[{"href":"https:\/\/www.colmus.org\/es\/wp-json\/wp\/v2\/posts\/1121","targetHints":{"allow":["GET"]}}],"collection":[{"href":"https:\/\/www.colmus.org\/es\/wp-json\/wp\/v2\/posts"}],"about":[{"href":"https:\/\/www.colmus.org\/es\/wp-json\/wp\/v2\/types\/post"}],"author":[{"embeddable":true,"href":"https:\/\/www.colmus.org\/es\/wp-json\/wp\/v2\/users\/3"}],"replies":[{"embeddable":true,"href":"https:\/\/www.colmus.org\/es\/wp-json\/wp\/v2\/comments?post=1121"}],"version-history":[{"count":4,"href":"https:\/\/www.colmus.org\/es\/wp-json\/wp\/v2\/posts\/1121\/revisions"}],"predecessor-version":[{"id":1126,"href":"https:\/\/www.colmus.org\/es\/wp-json\/wp\/v2\/posts\/1121\/revisions\/1126"}],"wp:featuredmedia":[{"embeddable":true,"href":"https:\/\/www.colmus.org\/es\/wp-json\/wp\/v2\/media\/1123"}],"wp:attachment":[{"href":"https:\/\/www.colmus.org\/es\/wp-json\/wp\/v2\/media?parent=1121"}],"wp:term":[{"taxonomy":"category","embeddable":true,"href":"https:\/\/www.colmus.org\/es\/wp-json\/wp\/v2\/categories?post=1121"},{"taxonomy":"post_tag","embeddable":true,"href":"https:\/\/www.colmus.org\/es\/wp-json\/wp\/v2\/tags?post=1121"}],"curies":[{"name":"wp","href":"https:\/\/api.w.org\/{rel}","templated":true}]}}