{"id":1167,"date":"2024-11-24T19:52:02","date_gmt":"2024-11-24T19:52:02","guid":{"rendered":"https:\/\/www.colmus.org\/es\/?p=1167"},"modified":"2024-11-24T19:52:02","modified_gmt":"2024-11-24T19:52:02","slug":"concertos-de-navidad-2024","status":"publish","type":"post","link":"https:\/\/www.colmus.org\/es\/2024\/11\/24\/concertos-de-navidad-2024\/","title":{"rendered":"CONCERTOS DE NAVIDAD 2024"},"content":{"rendered":"<h2>\u00abLa Gloria de la Navidad\u00bb<\/h2>\n<p>En este mes de diciembre, tan entra\u00f1able, le rogamos que venga y acompa\u00f1e al Coro y Orquesta COLLEGIUM MUSICUM Costa del Sol, en una celebraci\u00f3n festiva de la m\u00fasica, desde el siglo XVII hasta nuestros d\u00edas, con el Concierto para 2 Violines de Bach. Le ofreceremos una c\u00e1lida acogida para entrar en el esp\u00edritu navide\u00f1o, en uno de nuestros dos hermosos escenarios de Fuengirola y Marbella.<\/p>\n<p>Las fechas de los conciertos son el domingo 8 de diciembre a las 19.30h en el Sal\u00f3n Real del Hotel IPV Palace &amp; Spa de Fuengirola y el martes 10 de diciembre a las 20.30h en la Iglesia de la Encarnaci\u00f3n de Marbella.<\/p>\n<p>Las entradas para el concierto de Fuengirola est\u00e1n a 12 euros (entrada gratuita para menores de 16 a\u00f1os) y disponibles en el Hotel IPV Palace, Cafeter\u00eda Lepanto de Fuengirola (calle principal), a trav\u00e9s de los miembros del Collegium Musicum y a la venta a partir de las 19:00h en la puerta del Sal\u00f3n Real del Hotel IPV. Igualmente las podr\u00e1 obtener por correo electr\u00f3nico info@colmus.org o <a href=\"https:\/\/www.colmus.org\/es\/contacto\/\" target=\"_blank\" rel=\"noopener\">aqui.<\/a><\/p>\n<p>La segunda actuaci\u00f3n, a beneficio de C\u00e1ritas Encarnaci\u00f3n, se celebrar\u00e1 el martes 10 de diciembre a las 20:30h, en la Iglesia de la Encarnaci\u00f3n de Marbella.<\/p>\n<p>S\u00edgannos en las Redes Sociales para obtener m\u00e1s informaci\u00f3n actualizada &#8211; coro y orquesta Collegium Musicum CdS y www.colmus.org.<\/p>\n","protected":false},"excerpt":{"rendered":"<p>En este mes de diciembre, tan entra\u00f1able, le rogamos que venga y acompa\u00f1e al Coro y Orquesta COLLEGIUM MUSICUM Costa del Sol, en una celebraci\u00f3n festiva de la m\u00fasica, desde el siglo XVII hasta nuestros d\u00edas, con el Concierto para 2 Violines de Bach. Le ofreceremos una c\u00e1lida acogida para entrar en el esp\u00edritu navide\u00f1o, en uno de nuestros dos hermosos escenarios de Fuengirola y Marbella.<\/p>\n","protected":false},"author":3,"featured_media":1161,"comment_status":"open","ping_status":"closed","sticky":false,"template":"","format":"standard","meta":{"_acf_changed":false,"footnotes":""},"categories":[29,8,44,43,38],"tags":[],"class_list":["post-1167","post","type-post","status-publish","format-standard","has-post-thumbnail","hentry","category-bach","category-conciertos","category-fuengirola","category-marbella","category-navidad"],"acf":[],"_links":{"self":[{"href":"https:\/\/www.colmus.org\/es\/wp-json\/wp\/v2\/posts\/1167","targetHints":{"allow":["GET"]}}],"collection":[{"href":"https:\/\/www.colmus.org\/es\/wp-json\/wp\/v2\/posts"}],"about":[{"href":"https:\/\/www.colmus.org\/es\/wp-json\/wp\/v2\/types\/post"}],"author":[{"embeddable":true,"href":"https:\/\/www.colmus.org\/es\/wp-json\/wp\/v2\/users\/3"}],"replies":[{"embeddable":true,"href":"https:\/\/www.colmus.org\/es\/wp-json\/wp\/v2\/comments?post=1167"}],"version-history":[{"count":2,"href":"https:\/\/www.colmus.org\/es\/wp-json\/wp\/v2\/posts\/1167\/revisions"}],"predecessor-version":[{"id":1169,"href":"https:\/\/www.colmus.org\/es\/wp-json\/wp\/v2\/posts\/1167\/revisions\/1169"}],"wp:featuredmedia":[{"embeddable":true,"href":"https:\/\/www.colmus.org\/es\/wp-json\/wp\/v2\/media\/1161"}],"wp:attachment":[{"href":"https:\/\/www.colmus.org\/es\/wp-json\/wp\/v2\/media?parent=1167"}],"wp:term":[{"taxonomy":"category","embeddable":true,"href":"https:\/\/www.colmus.org\/es\/wp-json\/wp\/v2\/categories?post=1167"},{"taxonomy":"post_tag","embeddable":true,"href":"https:\/\/www.colmus.org\/es\/wp-json\/wp\/v2\/tags?post=1167"}],"curies":[{"name":"wp","href":"https:\/\/api.w.org\/{rel}","templated":true}]}}