{"id":1176,"date":"2025-05-11T22:48:30","date_gmt":"2025-05-11T21:48:30","guid":{"rendered":"https:\/\/www.colmus.org\/es\/?p=1176"},"modified":"2025-05-11T22:48:30","modified_gmt":"2025-05-11T21:48:30","slug":"50-anos-de-collegium-musicum-costa-del-sol","status":"publish","type":"post","link":"https:\/\/www.colmus.org\/es\/2025\/05\/11\/50-anos-de-collegium-musicum-costa-del-sol\/","title":{"rendered":"50 a\u00f1os de Collegium Musicum Costa del Sol"},"content":{"rendered":"<h4><strong>Buenas noches a todos, y una c\u00e1lida bienvenida a \u201cUna Armon\u00eda Dorada\u201d para celebrar los \u00a050 a\u00f1os de nuestra Sociedad Musical!<\/strong><\/h4>\n<p>\u00a1Qu\u00e9 ocasi\u00f3n tan verdaderamente memorable es esta! Esta noche, nos reunimos no solo como miembros y amigos, sino como una familia unida por el lenguaje universal de la m\u00fasica, para celebrar un hito extraordinario: el 50\u00ba aniversario de nuestro querido Collegium Musicum!<\/p>\n<p>Cincuenta a\u00f1os. Medio siglo. Es un lapso que abarca innumerables melod\u00edas, armon\u00edas y ritmos que han resonado en esta parte de Espa\u00f1a. Piensen en d\u00f3nde todo comenz\u00f3 \u2013 un peque\u00f1o grupo de personas apasionadas con un sue\u00f1o compartido, un simple deseo de hacer m\u00fasica juntos. \u00a1Y miren d\u00f3nde estamos ahora! Una comunidad vibrante y pr\u00f3spera, verdaderamente internacional, a\u00fan unida por ese mismo amor a la m\u00fasica.<\/p>\n<p>Esta noche, quiero reconocer y agradecer especialmente a aquellos que estuvieron presentes desde el principio, los pioneros que cimentaron la base de todo lo que disfrutamos hoy. Su visi\u00f3n, dedicaci\u00f3n y compromiso inquebrantable han moldeado el alma misma de nuestra sociedad. En particular, debemos reconocer a las dos Annemaries: Annemarie Kater, la fundadora, y Annemarie Philipps, quien fue nuestra Directora Musical durante tantos a\u00f1os. Algunos de los miembros presentes esta noche recordar\u00e1n aquellos primeros d\u00edas; entre los miembros de larga data se encuentran Driekje y tambi\u00e9n las dos expresidentas \u2013 Benedicte y Brigitte.<\/p>\n<p>Durante las \u00faltimas cinco d\u00e9cadas, nuestra Sociedad ha sido m\u00e1s que solo una colecci\u00f3n de m\u00fasicos. Ha sido un lugar de aprendizaje, crecimiento, amistad y pasi\u00f3n compartida. Hemos ofrecido innumerables presentaciones, incluyendo muchos grandiosos conciertos orquestales; hemos fomentado el talento, inspirado la creatividad y llevado la alegr\u00eda de la m\u00fasica a innumerables p\u00fablicos en esta costa.<\/p>\n<p>Estos momentos, grandes y peque\u00f1os, son los hilos que tejen el rico tapiz de nuestra historia. Son los recuerdos que nos unen y nos recuerdan el profundo impacto que la m\u00fasica tiene en nuestras vidas y en nuestra comunidad. \u2026 Algunos de esos recuerdos no son tantas agradables \u2026 (\u00bfRecuerdan la expresi\u00f3n de horror en mi rostro durante la interpretaci\u00f3n del bajo de \u201cTuba Mirum\u201d en el R\u00e9quiem de Mozart hace unos a\u00f1os???) \u2026 pero mas importante, recordamos los momentos de alegr\u00eda y los aplausos resonantes de nuestro p\u00fablico.<\/p>\n<p>Hoy, mientras celebramos este aniversario dorado nos apoyamos en los hombros de quienes nos precedieron. Heredamos un legado de excelencia musical y un fuerte sentido de comunidad. Pero nuestro camino no termina aqu\u00ed. Al mirar hacia el futuro, debemos seguir afrontando nuevos desaf\u00edos, fomentar a la pr\u00f3xima generaci\u00f3n de m\u00fasicos y asegurar que la alegr\u00eda de la m\u00fasica siga floreciendo en nuestra sociedad durante muchos a\u00f1os m\u00e1s.<\/p>\n<p>El \u00e9xito de nuestra Sociedad Musical no es obra de un solo individuo, sino del esfuerzo colectivo de muchos. Quiero expresar mi sincera gratitud a todos los directores musicales pasados por su visi\u00f3n art\u00edstica y orientaci\u00f3n.<\/p>\n<p>Somos afortunados de haber contado con el apoyo de generosos mecenas y patrocinadores, y hemos tenido la suerte de recibir un apoyo fant\u00e1stico de nuestro Presidente de Honor, el Conde Rudi von Schoenberg, y de la Princesa Marie-Louise de Prusia.<\/p>\n<p>\u2026 A todos los miembros del comit\u00e9 y voluntarios, quienes trabajan incansablemente detr\u00e1s de escena para que todo suceda.<br \/>\n\u2026 A todos ustedes, nuestros incre\u00edblemente talentosos miembros, cuya pasi\u00f3n y dedicaci\u00f3n dan vida a nuestra m\u00fasica.<br \/>\n\u2026 A tantos m\u00fasicos profesionales que nos han apoyado hacer musical a lo largo de los a\u00f1os.<\/p>\n<p>\u2026 A nuestras familias (muchas de las cuales deben escuchar sus ensayos en casa) y a nuestros amigos, que siempre est\u00e1n ah\u00ed para animarnos, y por supuesto, a nuestro maravilloso p\u00fablico, cuya apreciaci\u00f3n alimenta nuestra pasi\u00f3n y da significado a nuestras presentaciones.<\/p>\n<p>Esta noche, celebremos no solo los \u00faltimos 50 a\u00f1os, sino tambi\u00e9n el brillante futuro que tenemos por delante. Brindemos por el perdurable poder de la m\u00fasica y por el incre\u00edble viaje de nuestro Collegium Musicum. \u00a1Que nuestras armon\u00edas contin\u00faen resonando por muchos a\u00f1os m\u00e1s!<\/p>\n<p>Gracias.<br \/>\n\u00a1Y que vengan los pr\u00f3ximos 50 a\u00f1os!<\/p>\n","protected":false},"excerpt":{"rendered":"<p>Cincuenta a\u00f1os. Medio siglo. Es un lapso que abarca innumerables melod\u00edas, armon\u00edas y ritmos que han resonado en esta parte de Espa\u00f1a. Piensen en d\u00f3nde todo comenz\u00f3 \u2013 un peque\u00f1o grupo de personas apasionadas con un sue\u00f1o compartido, un simple deseo de hacer m\u00fasica juntos. \u00a1Y miren d\u00f3nde estamos ahora! Una comunidad vibrante y pr\u00f3spera, verdaderamente internacional, a\u00fan unida por ese mismo amor a la m\u00fasica.<\/p>\n","protected":false},"author":3,"featured_media":1177,"comment_status":"open","ping_status":"closed","sticky":false,"template":"","format":"standard","meta":{"_acf_changed":false,"footnotes":""},"categories":[1],"tags":[],"class_list":["post-1176","post","type-post","status-publish","format-standard","has-post-thumbnail","hentry","category-uncategorised"],"acf":[],"_links":{"self":[{"href":"https:\/\/www.colmus.org\/es\/wp-json\/wp\/v2\/posts\/1176","targetHints":{"allow":["GET"]}}],"collection":[{"href":"https:\/\/www.colmus.org\/es\/wp-json\/wp\/v2\/posts"}],"about":[{"href":"https:\/\/www.colmus.org\/es\/wp-json\/wp\/v2\/types\/post"}],"author":[{"embeddable":true,"href":"https:\/\/www.colmus.org\/es\/wp-json\/wp\/v2\/users\/3"}],"replies":[{"embeddable":true,"href":"https:\/\/www.colmus.org\/es\/wp-json\/wp\/v2\/comments?post=1176"}],"version-history":[{"count":1,"href":"https:\/\/www.colmus.org\/es\/wp-json\/wp\/v2\/posts\/1176\/revisions"}],"predecessor-version":[{"id":1182,"href":"https:\/\/www.colmus.org\/es\/wp-json\/wp\/v2\/posts\/1176\/revisions\/1182"}],"wp:featuredmedia":[{"embeddable":true,"href":"https:\/\/www.colmus.org\/es\/wp-json\/wp\/v2\/media\/1177"}],"wp:attachment":[{"href":"https:\/\/www.colmus.org\/es\/wp-json\/wp\/v2\/media?parent=1176"}],"wp:term":[{"taxonomy":"category","embeddable":true,"href":"https:\/\/www.colmus.org\/es\/wp-json\/wp\/v2\/categories?post=1176"},{"taxonomy":"post_tag","embeddable":true,"href":"https:\/\/www.colmus.org\/es\/wp-json\/wp\/v2\/tags?post=1176"}],"curies":[{"name":"wp","href":"https:\/\/api.w.org\/{rel}","templated":true}]}}