{"id":1264,"date":"2026-04-25T22:36:02","date_gmt":"2026-04-25T21:36:02","guid":{"rendered":"https:\/\/www.colmus.org\/es\/?p=1264"},"modified":"2026-04-25T22:36:43","modified_gmt":"2026-04-25T21:36:43","slug":"el-coro-y-la-orquesta-collegium-musicum-presentan-una-velada-de-obras-maestras-atemporales","status":"publish","type":"post","link":"https:\/\/www.colmus.org\/es\/2026\/04\/25\/el-coro-y-la-orquesta-collegium-musicum-presentan-una-velada-de-obras-maestras-atemporales\/","title":{"rendered":"El Coro y la Orquesta Collegium Musicum presentan una Velada de Obras Maestras Atemporales."},"content":{"rendered":"<h2>\ud83c\udfb6 Concierto de mayo: una velada de obras maestras corales y oper\u00edsticas<\/h2>\n<p>Collegium Musicum tiene el honor de invitarles a una velada musical excepcional, dedicada a la belleza, el dramatismo y la profunda emoci\u00f3n de la m\u00fasica coral y orquestal. Los d\u00edas 17 y 19 de mayo, el coro y la orquesta ofrecer\u00e1n un programa cuidadosamente seleccionado, con obras que abarcan distintos siglos, estilos y tradiciones.<\/p>\n<p>El p\u00fablico podr\u00e1 disfrutar de delicadas p\u00e1ginas vocales, ricas sonoridades orquestales y brillantes intervenciones solistas para violonchelo y voz de tenor. Contaremos con la participaci\u00f3n de un joven tenor malague\u00f1o, que interpretar\u00e1 tres c\u00e9lebres arias: Nessun Dorma y E Lucevan le Stelle de Puccini, as\u00ed como Una Furtiva Lacrima de Donizetti, junto a una destacada violonchelista y una arpista locales.<\/p>\n<p>Este concierto propone un recorrido musical lleno de contrastes, desde momentos de \u00edntima reflexi\u00f3n hasta pasajes de intensa y jubilosa expresi\u00f3n. Tanto para el aficionado como para quien se acerca por primera vez a la m\u00fasica cl\u00e1sica, esta velada promete ser una experiencia inolvidable.<\/p>\n<h4>Marbella: Domingo, 17 de mayo a las 21:00 h en l<a href=\"https:\/\/encarnacionmarbella.es\/\" target=\"_blank\" rel=\"noopener\">a Iglesia de la Encarnaci\u00f3n<\/a>.\u00a0A beneficio de las obras ben\u00e9ficas de la parroquia. Se solicitar\u00e1 un donativo al finalizar el concierto<\/h4>\n<h4>Fuengirola: Martes, 19 de mayo a las 20:00 h en <a href=\"https:\/\/www.hotelipvpalace.com\/\" target=\"_blank\" rel=\"noopener\">Hotel IPV Palace &amp; Spa.<\/a>\u00a0Entrada: 15 \u20ac (gratuita para menores de 16 a\u00f1os).\u00a0Entradas disponibles en: ticket@colmus.org, <a href=\"https:\/\/www.cateringlepanto.com\/lepantocafe-fuengirola.html\" target=\"_blank\" rel=\"noopener\">Cafeteria Lepanto (Fuengirola),<\/a> miembros de Collegium Musicum y en taquilla a la entrada del Sal\u00f3n Real del Hitel IPV a partir de las 19:00 h<\/h4>\n<p>Para m\u00e1s informaci\u00f3n consultar: @colmus \u00b7 www.colmus.org<\/p>\n","protected":false},"excerpt":{"rendered":"<p>\ud83c\udfb6 Concierto de mayo: una velada de obras maestras corales y oper\u00edsticas Collegium Musicum tiene el honor de invitarles a una velada musical excepcional, dedicada a la belleza, el dramatismo y la profunda emoci\u00f3n de la m\u00fasica coral y orquestal. Los d\u00edas 17 y 19 de mayo, el coro y la orquesta ofrecer\u00e1n un programa..<\/p>\n","protected":false},"author":3,"featured_media":1266,"comment_status":"open","ping_status":"closed","sticky":false,"template":"","format":"standard","meta":{"_acf_changed":false,"footnotes":""},"categories":[32,8,44,46,10,20],"tags":[],"class_list":["post-1264","post","type-post","status-publish","format-standard","has-post-thumbnail","hentry","category-concierto","category-conciertos","category-fuengirola","category-hotel-ipv-palace","category-programma","category-publicidad"],"acf":[],"_links":{"self":[{"href":"https:\/\/www.colmus.org\/es\/wp-json\/wp\/v2\/posts\/1264","targetHints":{"allow":["GET"]}}],"collection":[{"href":"https:\/\/www.colmus.org\/es\/wp-json\/wp\/v2\/posts"}],"about":[{"href":"https:\/\/www.colmus.org\/es\/wp-json\/wp\/v2\/types\/post"}],"author":[{"embeddable":true,"href":"https:\/\/www.colmus.org\/es\/wp-json\/wp\/v2\/users\/3"}],"replies":[{"embeddable":true,"href":"https:\/\/www.colmus.org\/es\/wp-json\/wp\/v2\/comments?post=1264"}],"version-history":[{"count":3,"href":"https:\/\/www.colmus.org\/es\/wp-json\/wp\/v2\/posts\/1264\/revisions"}],"predecessor-version":[{"id":1270,"href":"https:\/\/www.colmus.org\/es\/wp-json\/wp\/v2\/posts\/1264\/revisions\/1270"}],"wp:featuredmedia":[{"embeddable":true,"href":"https:\/\/www.colmus.org\/es\/wp-json\/wp\/v2\/media\/1266"}],"wp:attachment":[{"href":"https:\/\/www.colmus.org\/es\/wp-json\/wp\/v2\/media?parent=1264"}],"wp:term":[{"taxonomy":"category","embeddable":true,"href":"https:\/\/www.colmus.org\/es\/wp-json\/wp\/v2\/categories?post=1264"},{"taxonomy":"post_tag","embeddable":true,"href":"https:\/\/www.colmus.org\/es\/wp-json\/wp\/v2\/tags?post=1264"}],"curies":[{"name":"wp","href":"https:\/\/api.w.org\/{rel}","templated":true}]}}