{"id":335,"date":"2018-05-04T18:18:28","date_gmt":"2018-05-04T17:18:28","guid":{"rendered":"http:\/\/www.colmus.org\/es\/?p=335"},"modified":"2018-07-04T12:35:44","modified_gmt":"2018-07-04T11:35:44","slug":"feliz-cumpleanos-a-nuestra-directora-annemarie","status":"publish","type":"post","link":"https:\/\/www.colmus.org\/es\/2018\/05\/04\/feliz-cumpleanos-a-nuestra-directora-annemarie\/","title":{"rendered":"\u00a1Feliz cumplea\u00f1os!"},"content":{"rendered":"<p>El 1 de mayo nuestra directora Annemarie Philipps celebr\u00f3 su 70 cumplea\u00f1os.\u00a0En lugar del ensayo habitual, m\u00e1s de 70 amigos y miembros de Collegium Musicum se encontraron en el restaurante El Jinete en La Cala de Mijas para un almuerzo de celebraci\u00f3n.<\/p>\n<p>M\u00fasicos, cantantes y amigos se unieron para desearle un feliz cumplea\u00f1os e incluso la lluvia no pudo silenciar las voces felices. El presidente honorario de Collegium Musicum, el Conde Rudi pronunci\u00f3 un maravilloso discurso recordando los a\u00f1os y felicit\u00e1ndola por sus logros, especialmente siendo la directora de Collegium Musicum durante 25 a\u00f1os. La tarde termin\u00f3 con Annemarie d\u00e1ndoles las gracias a todos y todos estuvieron de acuerdo en que fue una gran tarde.<\/p>\n<p>Ahora es el momento de regresar y prepararse para los \u00faltimos ensayos antes de<a href=\"http:\/\/www.colmus.org\/es\/conciertos\/\" target=\"_blank\" rel=\"noopener\"> los conciertos<\/a> a fines de mayo en Guadiaro y Marbella.<\/p>\n<p><a href=\"http:\/\/www.colmus.org\/es\/wp-content\/uploads\/sites\/2\/2018\/05\/31726079_10157377188898989_8351884698179338240_n-e1525454039184.jpg\"><img loading=\"lazy\" decoding=\"async\" class=\"alignleft wp-image-331\" src=\"http:\/\/www.colmus.org\/es\/wp-content\/uploads\/sites\/2\/2018\/05\/31726079_10157377188898989_8351884698179338240_n-e1525454039184-300x192.jpg\" alt=\"Fiesta Collegium Musicum\" width=\"472\" height=\"302\" srcset=\"https:\/\/www.colmus.org\/es\/wp-content\/uploads\/sites\/2\/2018\/05\/31726079_10157377188898989_8351884698179338240_n-e1525454039184-300x192.jpg 300w, https:\/\/www.colmus.org\/es\/wp-content\/uploads\/sites\/2\/2018\/05\/31726079_10157377188898989_8351884698179338240_n-e1525454039184-768x493.jpg 768w, https:\/\/www.colmus.org\/es\/wp-content\/uploads\/sites\/2\/2018\/05\/31726079_10157377188898989_8351884698179338240_n-e1525454039184-900x577.jpg 900w, https:\/\/www.colmus.org\/es\/wp-content\/uploads\/sites\/2\/2018\/05\/31726079_10157377188898989_8351884698179338240_n-e1525454039184-400x257.jpg 400w, https:\/\/www.colmus.org\/es\/wp-content\/uploads\/sites\/2\/2018\/05\/31726079_10157377188898989_8351884698179338240_n-e1525454039184.jpg 912w\" sizes=\"auto, (max-width: 472px) 100vw, 472px\" \/><\/a> <a href=\"http:\/\/www.colmus.org\/es\/wp-content\/uploads\/sites\/2\/2018\/05\/20180502_212157-e1525454094759.jpg\"><img loading=\"lazy\" decoding=\"async\" class=\"size-medium wp-image-330 alignright\" src=\"http:\/\/www.colmus.org\/es\/wp-content\/uploads\/sites\/2\/2018\/05\/20180502_212157-e1525454094759-196x300.jpg\" alt=\"Conde Rudi\" width=\"196\" height=\"300\" srcset=\"https:\/\/www.colmus.org\/es\/wp-content\/uploads\/sites\/2\/2018\/05\/20180502_212157-e1525454094759-196x300.jpg 196w, https:\/\/www.colmus.org\/es\/wp-content\/uploads\/sites\/2\/2018\/05\/20180502_212157-e1525454094759-400x613.jpg 400w, https:\/\/www.colmus.org\/es\/wp-content\/uploads\/sites\/2\/2018\/05\/20180502_212157-e1525454094759.jpg 520w\" sizes=\"auto, (max-width: 196px) 100vw, 196px\" \/><\/a><\/p>\n","protected":false},"excerpt":{"rendered":"<p>El 1 de mayo nuestra directora Annemarie Philipps celebr\u00f3 su 70 cumplea\u00f1os.\u00a0En lugar del ensayo habitual, m\u00e1s de 70 amigos y miembros de Collegium Musicum se encontraron en el restaurante El Jinete en La Cala de Mijas para un almuerzo de celebraci\u00f3n. M\u00fasicos, cantantes y amigos se unieron para desearle un feliz cumplea\u00f1os e incluso..<\/p>\n","protected":false},"author":3,"featured_media":332,"comment_status":"open","ping_status":"closed","sticky":false,"template":"","format":"standard","meta":{"_acf_changed":false,"footnotes":""},"categories":[4,5],"tags":[7,6],"class_list":["post-335","post","type-post","status-publish","format-standard","has-post-thumbnail","hentry","category-fiestas","category-miembros","tag-cumpleanos","tag-espana"],"acf":[],"_links":{"self":[{"href":"https:\/\/www.colmus.org\/es\/wp-json\/wp\/v2\/posts\/335","targetHints":{"allow":["GET"]}}],"collection":[{"href":"https:\/\/www.colmus.org\/es\/wp-json\/wp\/v2\/posts"}],"about":[{"href":"https:\/\/www.colmus.org\/es\/wp-json\/wp\/v2\/types\/post"}],"author":[{"embeddable":true,"href":"https:\/\/www.colmus.org\/es\/wp-json\/wp\/v2\/users\/3"}],"replies":[{"embeddable":true,"href":"https:\/\/www.colmus.org\/es\/wp-json\/wp\/v2\/comments?post=335"}],"version-history":[{"count":2,"href":"https:\/\/www.colmus.org\/es\/wp-json\/wp\/v2\/posts\/335\/revisions"}],"predecessor-version":[{"id":365,"href":"https:\/\/www.colmus.org\/es\/wp-json\/wp\/v2\/posts\/335\/revisions\/365"}],"wp:featuredmedia":[{"embeddable":true,"href":"https:\/\/www.colmus.org\/es\/wp-json\/wp\/v2\/media\/332"}],"wp:attachment":[{"href":"https:\/\/www.colmus.org\/es\/wp-json\/wp\/v2\/media?parent=335"}],"wp:term":[{"taxonomy":"category","embeddable":true,"href":"https:\/\/www.colmus.org\/es\/wp-json\/wp\/v2\/categories?post=335"},{"taxonomy":"post_tag","embeddable":true,"href":"https:\/\/www.colmus.org\/es\/wp-json\/wp\/v2\/tags?post=335"}],"curies":[{"name":"wp","href":"https:\/\/api.w.org\/{rel}","templated":true}]}}