{"id":368,"date":"2018-06-24T12:07:02","date_gmt":"2018-06-24T11:07:02","guid":{"rendered":"http:\/\/www.colmus.org\/es\/?p=368"},"modified":"2018-07-04T15:45:47","modified_gmt":"2018-07-04T14:45:47","slug":"una-mirada-a-2017-2018","status":"publish","type":"post","link":"https:\/\/www.colmus.org\/es\/2018\/06\/24\/una-mirada-a-2017-2018\/","title":{"rendered":"Una mirada a 2017\/2018"},"content":{"rendered":"<p>El verano ha comenzado y la mayor\u00eda de los miembros de Collegium Musicum han regresado a su pa\u00eds para pasar el verano all\u00ed. La batuta, los escritorios, los instrumentos y las voces tienen un merecido descanso hasta septiembre.<\/p>\n<p>En la Asamblea General revisamos nuestra temporada 2017\/2018 y todos coincidimos en que ha sido una temporada maravillosa de nuevo. Aqu\u00ed sigue un resumen:<\/p>\n<p><strong>2017<\/strong><\/p>\n<ul>\n<li><span style=\"font-family: inherit;font-weight: inherit\">El 1<\/span><sup style=\"font-family: inherit;font-weight: inherit\">er<\/sup><span style=\"font-family: inherit;font-weight: inherit\"> ensayo de la temporada fue el 13 de septiembre<\/span><\/li>\n<li>Los conciertos de Navidad se presentaban en Fuengirola el 17 de diciembre y en Marbella el 18 y contaron con la arpista danesa Charlotte Nyborg, quien interpret\u00f3 el concierto de arpa Handel. El programa fue muy variado con m\u00fasica de los siglos 16 a 21 y las audiencias, as\u00ed como los participantes estaban encantados con la m\u00fasica elegida. Nos quedamos muy contentos con el nivel de rendimiento.<\/li>\n<li>Despu\u00e9s del concierto en el IPV Palace Hotel, agotado hasta el \u00faltimo asiento, disfrutamos de una recepci\u00f3n de tapas y bebidas con nuestros amigos y miembros de la audiencia.<\/li>\n<\/ul>\n<p>El concierto de Marbella tambi\u00e9n fue muy bien atendido y fue muy apreciado por el p\u00fablico.<\/p>\n<p><strong>2018<\/strong><\/p>\n<ul>\n<li>Los ensayos se reanudaron despu\u00e9s de las vacaciones de Navidad el 9 de enero.<\/li>\n<li>El 14 de abril el coro y nuestra orquesta de c\u00e1mara dieron un concierto especial en la iglesia de los Mormones donde ensayamos. Varios instrumentistas mostraron su talento en un programa variado que inclu\u00eda un concierto para 2 violines de Vivaldi, la Fantas\u00eda de Faur\u00e9 para flauta especialmente orquestada (por m\u00ed) y una variedad de m\u00fasica para coro y piano y orquesta. Este concierto fue organizado para intentar enmendar la decepci\u00f3n sentida por muchos miembros que no iba a haber un concierto en Fuengirola a finales de mayo.<\/li>\n<li>Nos comprometimos a cantar en una boda en la Iglesia de la Encarnaci\u00f3n de Marbella el 19 de mayo.<\/li>\n<li>A finales de mayo, una vez m\u00e1s con Camerata Singers de Sotogrande, dimos dos conciertos: el 27 en Guadiaro y el 29 en Marbella, que fue el concierto ben\u00e9fico anual de Concordia. El programa de m\u00fasica de finales del siglo XVIII de Viena incluy\u00f3 el R\u00e9quiem de Salieri, una versi\u00f3n del Te Deum de Michael Haydn y el Gloria de la Misa de coronaci\u00f3n de Mozart. Los 4 solistas fueron Louise Wayman, Natalie Sinnott, Alberto Sousa y Ryan Ross (a quien tuvimos por segunda vez). Fue una delicia para todos nosotros escuchar a Nicholas Harcourt-Smith, nuestro obo\u00edsta invitado, que emocion\u00f3 al p\u00fablico con su virtuosismo en una presentaci\u00f3n de la Introducci\u00f3n, Tema y Variaciones de Hummel.<\/li>\n<\/ul>\n<p><strong>\u00a0<\/strong><strong>EVENTOS SOCIALES<\/strong><\/p>\n<ul>\n<li>Nuestra Presidente, Delyth organiz\u00f3 otra noche de concurso Collegium Musicum en el restaurante Lizarr\u00e1n en noviembre.<\/li>\n<li>En octubre, la miembra, Luisa Rosa amablemente nos invit\u00f3 a celebrar una fiesta en su casa de Guadalmina; nos reunimos para un almuerzo en el jard\u00edn para conmemorar el 25\u00ba aniversario de Annemarie como nuestra directora musical.<\/li>\n<li>Tuvimos una fiesta de almuerzo muy especial el 1 de mayo en Venta El Jinete, cerca de La Cala. 73 amigos se reunieron para celebrar con Annemarie su 70<sup>TH<\/sup> cumplea\u00f1os y fueron unas horas muy agradables para todos.<\/li>\n<\/ul>\n<p>Les agradecemos a todos por su continuo apoyo y entusiasmo que nos enriquece a todos por nuestras actividades de creaci\u00f3n musical y nuestra amistad.\u00a0Los veremos a todos nuevamente el martes, 11 de septiembre, 2018.<\/p>\n<p><a href=\"http:\/\/www.colmus.org\/es\/wp-content\/uploads\/sites\/2\/2018\/07\/mg_6698-copy-e1530702187772.jpg\" target=\"_blank\" rel=\"noopener\"><img loading=\"lazy\" decoding=\"async\" class=\"alignright wp-image-369 \" title=\"Violin\" src=\"http:\/\/www.colmus.org\/es\/wp-content\/uploads\/sites\/2\/2018\/07\/mg_6698-copy-300x200.jpg\" alt=\"Violin\" width=\"447\" height=\"298\" \/><\/a><a href=\"http:\/\/www.colmus.org\/es\/wp-content\/uploads\/sites\/2\/2018\/07\/20180704_123316-e1530702084849.jpg\" target=\"_blank\" rel=\"noopener\"><img loading=\"lazy\" decoding=\"async\" class=\"alignleft wp-image-371 size-medium\" title=\"music desk\" src=\"http:\/\/www.colmus.org\/es\/wp-content\/uploads\/sites\/2\/2018\/07\/20180704_123316-270x300.jpg\" alt=\"music desk\" width=\"270\" height=\"300\" \/><\/a><\/p>\n","protected":false},"excerpt":{"rendered":"<p>El verano ha comenzado y la mayor\u00eda de los miembros de Collegium Musicum han regresado a su pa\u00eds para pasar el verano all\u00ed. La batuta, los escritorios, los instrumentos y las voces tienen un merecido descanso hasta septiembre. En la Asamblea General revisamos nuestra temporada 2017\/2018 y todos coincidimos en que ha sido una temporada..<\/p>\n","protected":false},"author":3,"featured_media":372,"comment_status":"open","ping_status":"closed","sticky":false,"template":"","format":"standard","meta":{"_acf_changed":false,"footnotes":""},"categories":[12,1],"tags":[15,14,16,17,13],"class_list":["post-368","post","type-post","status-publish","format-standard","has-post-thumbnail","hentry","category-solistas","category-uncategorised","tag-cantar","tag-conciertos","tag-orchestra","tag-programa","tag-temporada"],"acf":[],"_links":{"self":[{"href":"https:\/\/www.colmus.org\/es\/wp-json\/wp\/v2\/posts\/368","targetHints":{"allow":["GET"]}}],"collection":[{"href":"https:\/\/www.colmus.org\/es\/wp-json\/wp\/v2\/posts"}],"about":[{"href":"https:\/\/www.colmus.org\/es\/wp-json\/wp\/v2\/types\/post"}],"author":[{"embeddable":true,"href":"https:\/\/www.colmus.org\/es\/wp-json\/wp\/v2\/users\/3"}],"replies":[{"embeddable":true,"href":"https:\/\/www.colmus.org\/es\/wp-json\/wp\/v2\/comments?post=368"}],"version-history":[{"count":4,"href":"https:\/\/www.colmus.org\/es\/wp-json\/wp\/v2\/posts\/368\/revisions"}],"predecessor-version":[{"id":377,"href":"https:\/\/www.colmus.org\/es\/wp-json\/wp\/v2\/posts\/368\/revisions\/377"}],"wp:featuredmedia":[{"embeddable":true,"href":"https:\/\/www.colmus.org\/es\/wp-json\/wp\/v2\/media\/372"}],"wp:attachment":[{"href":"https:\/\/www.colmus.org\/es\/wp-json\/wp\/v2\/media?parent=368"}],"wp:term":[{"taxonomy":"category","embeddable":true,"href":"https:\/\/www.colmus.org\/es\/wp-json\/wp\/v2\/categories?post=368"},{"taxonomy":"post_tag","embeddable":true,"href":"https:\/\/www.colmus.org\/es\/wp-json\/wp\/v2\/tags?post=368"}],"curies":[{"name":"wp","href":"https:\/\/api.w.org\/{rel}","templated":true}]}}