{"id":499,"date":"2018-08-25T16:45:31","date_gmt":"2018-08-25T15:45:31","guid":{"rendered":"http:\/\/www.colmus.org\/es\/?p=499"},"modified":"2018-08-25T17:41:42","modified_gmt":"2018-08-25T16:41:42","slug":"nueva-temporada","status":"publish","type":"post","link":"https:\/\/www.colmus.org\/es\/2018\/08\/25\/nueva-temporada\/","title":{"rendered":"La nueva temporada"},"content":{"rendered":"<h3>Queridos amigos,<\/h3>\n<p>Espero que est\u00e9is disfrutando de un buen verano pero est\u00e9is deseando reanudar con nuestra m\u00fasica al comienzo de nuestra nueva temporada el <strong>martes, 11de septiembre<\/strong> en la Iglesia de los Mormones en Los Boliches en 18:00 para la orquesta y 20:00 para el coro.<\/p>\n<p>Aqu\u00ed est\u00e1 el enlace a los archivos de <a href=\"http:\/\/www.colmus.org\/es\/concert-library\/#scores-audio-files\" target=\"_blank\" rel=\"noopener\">audio y las partituras<\/a> en varios formatos si quieres empezar a ensayar!<\/p>\n<p><span style=\"font-family: inherit;font-weight: inherit\">Recordad que ahora pedimos \u20ac5 (en septiembre y enero) a todos los miembros del coro para cobrar por las partituras: Gillian Watson os cobrar\u00e1 al entregaros las mismas.<\/span><\/p>\n<p>Las cuotas de participaci\u00f3n* son 80 \u20ac al a\u00f1o (puedes elegir pagar en 2 plazos en septiembre y enero). Pod\u00e9is o bien pagar en efectivo a nuestro Tesorero, Ma\u00eft\u00e9 (contralto), durante la pausa del ensayo o despu\u00e9s del ensayo, o bien igualmente por transferencia bancaria (<strong>en este caso, les rogamos no olvidar incluir su nombre completo as\u00ed como el concepto de \u00abcuota\u00bb<\/strong> en el recuadro correspondiente).<\/p>\n<p><strong>CUENTA BANCARIA:<\/strong>\u00a0 <strong>Cajamar: ES 78 3058 0834 3127 20015372 &#8211;\u00a0<\/strong><strong>(Asociaci\u00f3n Musical Collegium Musicum)<\/strong><\/p>\n<p>Anoten por favor estas fechas: &#8211;<\/p>\n<h4>\u00a0<strong>16 y 17 on 18 de diciembre &#8211; Conciertos de Navidad<\/strong><\/h4>\n<p>Cordialmente.<\/p>\n<p>Delyth Bressington, Presidente<\/p>\n","protected":false},"excerpt":{"rendered":"<p>Queridos amigos, Espero que est\u00e9is disfrutando de un buen verano pero est\u00e9is deseando reanudar con nuestra m\u00fasica al comienzo de nuestra nueva temporada el martes, 11de septiembre en la Iglesia de los Mormones en Los Boliches en 18:00 para la orquesta y 20:00 para el coro. Aqu\u00ed est\u00e1 el enlace a los archivos de audio..<\/p>\n","protected":false},"author":3,"featured_media":500,"comment_status":"open","ping_status":"closed","sticky":false,"template":"","format":"standard","meta":{"_acf_changed":false,"footnotes":""},"categories":[8,5,11],"tags":[],"class_list":["post-499","post","type-post","status-publish","format-standard","has-post-thumbnail","hentry","category-conciertos","category-miembros","category-temporada"],"acf":[],"_links":{"self":[{"href":"https:\/\/www.colmus.org\/es\/wp-json\/wp\/v2\/posts\/499","targetHints":{"allow":["GET"]}}],"collection":[{"href":"https:\/\/www.colmus.org\/es\/wp-json\/wp\/v2\/posts"}],"about":[{"href":"https:\/\/www.colmus.org\/es\/wp-json\/wp\/v2\/types\/post"}],"author":[{"embeddable":true,"href":"https:\/\/www.colmus.org\/es\/wp-json\/wp\/v2\/users\/3"}],"replies":[{"embeddable":true,"href":"https:\/\/www.colmus.org\/es\/wp-json\/wp\/v2\/comments?post=499"}],"version-history":[{"count":3,"href":"https:\/\/www.colmus.org\/es\/wp-json\/wp\/v2\/posts\/499\/revisions"}],"predecessor-version":[{"id":505,"href":"https:\/\/www.colmus.org\/es\/wp-json\/wp\/v2\/posts\/499\/revisions\/505"}],"wp:featuredmedia":[{"embeddable":true,"href":"https:\/\/www.colmus.org\/es\/wp-json\/wp\/v2\/media\/500"}],"wp:attachment":[{"href":"https:\/\/www.colmus.org\/es\/wp-json\/wp\/v2\/media?parent=499"}],"wp:term":[{"taxonomy":"category","embeddable":true,"href":"https:\/\/www.colmus.org\/es\/wp-json\/wp\/v2\/categories?post=499"},{"taxonomy":"post_tag","embeddable":true,"href":"https:\/\/www.colmus.org\/es\/wp-json\/wp\/v2\/tags?post=499"}],"curies":[{"name":"wp","href":"https:\/\/api.w.org\/{rel}","templated":true}]}}