{"id":632,"date":"2019-05-24T15:41:04","date_gmt":"2019-05-24T14:41:04","guid":{"rendered":"http:\/\/www.colmus.org\/es\/?p=632"},"modified":"2019-05-24T15:41:04","modified_gmt":"2019-05-24T14:41:04","slug":"un-concierto-para-celebrar-a-karl-jenkins-a-la-edad-de-75-anos","status":"publish","type":"post","link":"https:\/\/www.colmus.org\/es\/2019\/05\/24\/un-concierto-para-celebrar-a-karl-jenkins-a-la-edad-de-75-anos\/","title":{"rendered":"Un concierto para celebrar a Karl Jenkins a la edad de 75 a\u00f1os."},"content":{"rendered":"<p>El domingo 26 de mayo el coro y la orquesta &#8216; COLLEGIUM MUSICUM COSTA DEL SOL &#8216; y <a href=\"https:\/\/www.cameratasotogrande.org\/\" target=\"_blank\" rel=\"noopener noreferrer\">Coro CAMERATA de SOTOGRANDE<\/a> invitan al sal\u00f3n real del Hotel <a href=\"https:\/\/www.hotelipvpalace.com\/en\/\" target=\"_blank\" rel=\"noopener noreferrer\">IPV Palace &amp; Spa<\/a> en Fuengirola (km 207) para un concierto muy especial.<\/p>\n<p>M\u00e1s de 100 cantantes y 50 m\u00fasicos realizar\u00e1n la maravillosa version del compositor gal\u00e9s contempor\u00e1neo Karl Jenkins del poema latino Stabat Mater, un himno del siglo 13 a Mar\u00eda que retrata su sufrimiento como madre de Jes\u00fas durante la crucifixi\u00f3n.<\/p>\n<p>El concierto comenzar\u00e1 a las 8 de la tarde (puertas abren a las 7.15 h) y los billetes cuestan \u20ac12 (entrada gratuita para menores de 16 a\u00f1os). Las entradas est\u00e1n disponibles en el Hotel, los joyeros Nicholson (cerca de Plaza Constituci\u00f3n), de los miembros del Collegium Musicum y a la venta desde las 7 en punto en la puerta.<\/p>\n<p>Para reservas lllame al 952 775492 o al 686 277 272 o correo electr\u00f3nico <a href=\"mailto:info@colmus.org\">info@colmus.org<\/a><\/p>\n<p>El concierto del martes 28 de mayo es a las 21.30 h en <a href=\"http:\/\/encarnacionmarbella.com\/index.htm\" target=\"_blank\" rel=\"noopener noreferrer\">la iglesia de la Encarnaci\u00f3n<\/a> en el casco antiguo de Marbella. Esto es nuestro Concierto ben\u00e9fico anual para la caridad local del SIDA, <a href=\"http:\/\/www.concordiamarbella.com\/\" target=\"_blank\" rel=\"noopener noreferrer\">be<\/a>; entrada es gratuita, pero se esperan donaciones generosas para Concordia de los asistentes al concierto a la salida.<\/p>\n","protected":false},"excerpt":{"rendered":"<p>El domingo 26 de mayo el coro y la orquesta &#8216; COLLEGIUM MUSICUM COSTA DEL SOL &#8216; y Coro CAMERATA de SOTOGRANDE invitan al sal\u00f3n real del Hotel IPV Palace &amp; Spa en Fuengirola (km 207) para un concierto muy especial. M\u00e1s de 100 cantantes y 50 m\u00fasicos realizar\u00e1n la maravillosa version del compositor gal\u00e9s..<\/p>\n","protected":false},"author":3,"featured_media":616,"comment_status":"open","ping_status":"closed","sticky":false,"template":"","format":"standard","meta":{"_acf_changed":false,"footnotes":""},"categories":[31,28,29,8,27,30],"tags":[],"class_list":["post-632","post","type-post","status-publish","format-standard","has-post-thumbnail","hentry","category-aaron-copland","category-antonio-vivaldi","category-bach","category-conciertos","category-karl-jenkins","category-stabat-mater"],"acf":[],"_links":{"self":[{"href":"https:\/\/www.colmus.org\/es\/wp-json\/wp\/v2\/posts\/632","targetHints":{"allow":["GET"]}}],"collection":[{"href":"https:\/\/www.colmus.org\/es\/wp-json\/wp\/v2\/posts"}],"about":[{"href":"https:\/\/www.colmus.org\/es\/wp-json\/wp\/v2\/types\/post"}],"author":[{"embeddable":true,"href":"https:\/\/www.colmus.org\/es\/wp-json\/wp\/v2\/users\/3"}],"replies":[{"embeddable":true,"href":"https:\/\/www.colmus.org\/es\/wp-json\/wp\/v2\/comments?post=632"}],"version-history":[{"count":1,"href":"https:\/\/www.colmus.org\/es\/wp-json\/wp\/v2\/posts\/632\/revisions"}],"predecessor-version":[{"id":633,"href":"https:\/\/www.colmus.org\/es\/wp-json\/wp\/v2\/posts\/632\/revisions\/633"}],"wp:featuredmedia":[{"embeddable":true,"href":"https:\/\/www.colmus.org\/es\/wp-json\/wp\/v2\/media\/616"}],"wp:attachment":[{"href":"https:\/\/www.colmus.org\/es\/wp-json\/wp\/v2\/media?parent=632"}],"wp:term":[{"taxonomy":"category","embeddable":true,"href":"https:\/\/www.colmus.org\/es\/wp-json\/wp\/v2\/categories?post=632"},{"taxonomy":"post_tag","embeddable":true,"href":"https:\/\/www.colmus.org\/es\/wp-json\/wp\/v2\/tags?post=632"}],"curies":[{"name":"wp","href":"https:\/\/api.w.org\/{rel}","templated":true}]}}