{"id":827,"date":"2021-09-20T12:27:06","date_gmt":"2021-09-20T11:27:06","guid":{"rendered":"https:\/\/www.colmus.org\/es\/?p=827"},"modified":"2021-09-22T12:47:14","modified_gmt":"2021-09-22T11:47:14","slug":"in-memoriam","status":"publish","type":"post","link":"https:\/\/www.colmus.org\/es\/2021\/09\/20\/in-memoriam\/","title":{"rendered":"IN MEMORIAM"},"content":{"rendered":"<h1 style=\"text-align: center\"><strong>Annemarie Philipps<\/strong><\/h1>\n<h1 style=\"text-align: center\"><strong>1948 &#8211; 2021<\/strong><\/h1>\n<p>Con profunda tristeza debemos anunciar\u00a0el fallecimiento de\u00a0nuestra directora Annemarie, el 19 de septiembre 2021. Annemarie, originaria de Bremen, ha sido la directora musical del Collegium Musicum desde 1992 y miembro activo desde 1978.<\/p>\n<p>Todos nuestros miembros as\u00ed como la gran audiencia que la ha seguido fielmente, a ella, al coro y a la orquesta durante tantos a\u00f1os, extra\u00f1ar\u00e1n en el futuro su enorme conocimiento musical, su maravilloso \u00e1nimo, su risa contagiosa y su competente liderazgo.<\/p>\n<p>Nos ser\u00e1 de gran consuelo el legado de todos los extraordinarios momentos musicales que nos ha dejado, ya sea en los ensayos, m\u00fasica de c\u00e1mara o en los numerosos maravillosos conciertos que dimos bajo su direcci\u00f3n.<\/p>\n<p>En un futuro pr\u00f3ximo, se llevar\u00e1 a cabo un servicio conmemorativo para celebrar su vida.<\/p>\n","protected":false},"excerpt":{"rendered":"<p>Annemarie Philipps 1948 &#8211; 2021 Con profunda tristeza debemos anunciar\u00a0el fallecimiento de\u00a0nuestra directora Annemarie, el 19 de septiembre 2021. Annemarie, originaria de Bremen, ha sido la directora musical del Collegium Musicum desde 1992 y miembro activo desde 1978. Todos nuestros miembros as\u00ed como la gran audiencia que la ha seguido fielmente, a ella, al coro..<\/p>\n","protected":false},"author":3,"featured_media":831,"comment_status":"open","ping_status":"closed","sticky":false,"template":"","format":"standard","meta":{"_acf_changed":false,"footnotes":""},"categories":[33,35],"tags":[36],"class_list":["post-827","post","type-post","status-publish","format-standard","has-post-thumbnail","hentry","category-annemarie-philipps","category-conductora","tag-conductora"],"acf":[],"_links":{"self":[{"href":"https:\/\/www.colmus.org\/es\/wp-json\/wp\/v2\/posts\/827","targetHints":{"allow":["GET"]}}],"collection":[{"href":"https:\/\/www.colmus.org\/es\/wp-json\/wp\/v2\/posts"}],"about":[{"href":"https:\/\/www.colmus.org\/es\/wp-json\/wp\/v2\/types\/post"}],"author":[{"embeddable":true,"href":"https:\/\/www.colmus.org\/es\/wp-json\/wp\/v2\/users\/3"}],"replies":[{"embeddable":true,"href":"https:\/\/www.colmus.org\/es\/wp-json\/wp\/v2\/comments?post=827"}],"version-history":[{"count":1,"href":"https:\/\/www.colmus.org\/es\/wp-json\/wp\/v2\/posts\/827\/revisions"}],"predecessor-version":[{"id":829,"href":"https:\/\/www.colmus.org\/es\/wp-json\/wp\/v2\/posts\/827\/revisions\/829"}],"wp:featuredmedia":[{"embeddable":true,"href":"https:\/\/www.colmus.org\/es\/wp-json\/wp\/v2\/media\/831"}],"wp:attachment":[{"href":"https:\/\/www.colmus.org\/es\/wp-json\/wp\/v2\/media?parent=827"}],"wp:term":[{"taxonomy":"category","embeddable":true,"href":"https:\/\/www.colmus.org\/es\/wp-json\/wp\/v2\/categories?post=827"},{"taxonomy":"post_tag","embeddable":true,"href":"https:\/\/www.colmus.org\/es\/wp-json\/wp\/v2\/tags?post=827"}],"curies":[{"name":"wp","href":"https:\/\/api.w.org\/{rel}","templated":true}]}}