{"id":844,"date":"2021-10-07T15:55:24","date_gmt":"2021-10-07T14:55:24","guid":{"rendered":"https:\/\/www.colmus.org\/es\/?p=844"},"modified":"2021-10-07T15:55:24","modified_gmt":"2021-10-07T14:55:24","slug":"la-cancion-se-ha-terminado","status":"publish","type":"post","link":"https:\/\/www.colmus.org\/es\/2021\/10\/07\/la-cancion-se-ha-terminado\/","title":{"rendered":"La Canci\u00f3n se ha terminado"},"content":{"rendered":"<h1>pero la melod\u00eda perdura &#8230;&#8230;..<\/h1>\n<p>Gracias, queridos amigos de Annemarie y del Collegium Musicum, por todas vuestras amables palabras y por vuestro apoyo.<\/p>\n<p>Despu\u00e9s de un especial homenaje conmemorativo a Annemarie, celebrado \u00fanicamente con nuestros miembros, hemos retomado nuestros ensayos bajo la direcci\u00f3n de Delyth Bressington tal y como lo deseaba Annemarie.<\/p>\n<p>M\u00e1s adelante, organizaremos y ofreceremos un concierto especial en Marbella y Fuengirola, para honrar y celebrar la vida de Annemarie, concierto al cual invitaremos a todos los amigos, tanto nuestros como suyos.<\/p>\n<p>Por ahora debemos agradecer todos los a\u00f1os que Annemarie dedic\u00f3 al Collegium Musicum, a\u00f1os y dedicaci\u00f3n que jam\u00e1s ser\u00e1n olvidados y \u2026 nosotros seguiremos manteniendo viva la melod\u00eda \u2026&#8230;.<\/p>\n","protected":false},"excerpt":{"rendered":"<p>pero la melod\u00eda perdura &#8230;&#8230;.. Gracias, queridos amigos de Annemarie y del Collegium Musicum, por todas vuestras amables palabras y por vuestro apoyo. Despu\u00e9s de un especial homenaje conmemorativo a Annemarie, celebrado \u00fanicamente con nuestros miembros, hemos retomado nuestros ensayos bajo la direcci\u00f3n de Delyth Bressington tal y como lo deseaba Annemarie. M\u00e1s adelante, organizaremos..<\/p>\n","protected":false},"author":3,"featured_media":845,"comment_status":"open","ping_status":"closed","sticky":false,"template":"","format":"standard","meta":{"_acf_changed":false,"footnotes":""},"categories":[33,8,37],"tags":[],"class_list":["post-844","post","type-post","status-publish","format-standard","has-post-thumbnail","hentry","category-annemarie-philipps","category-conciertos","category-directora"],"acf":[],"_links":{"self":[{"href":"https:\/\/www.colmus.org\/es\/wp-json\/wp\/v2\/posts\/844","targetHints":{"allow":["GET"]}}],"collection":[{"href":"https:\/\/www.colmus.org\/es\/wp-json\/wp\/v2\/posts"}],"about":[{"href":"https:\/\/www.colmus.org\/es\/wp-json\/wp\/v2\/types\/post"}],"author":[{"embeddable":true,"href":"https:\/\/www.colmus.org\/es\/wp-json\/wp\/v2\/users\/3"}],"replies":[{"embeddable":true,"href":"https:\/\/www.colmus.org\/es\/wp-json\/wp\/v2\/comments?post=844"}],"version-history":[{"count":1,"href":"https:\/\/www.colmus.org\/es\/wp-json\/wp\/v2\/posts\/844\/revisions"}],"predecessor-version":[{"id":846,"href":"https:\/\/www.colmus.org\/es\/wp-json\/wp\/v2\/posts\/844\/revisions\/846"}],"wp:featuredmedia":[{"embeddable":true,"href":"https:\/\/www.colmus.org\/es\/wp-json\/wp\/v2\/media\/845"}],"wp:attachment":[{"href":"https:\/\/www.colmus.org\/es\/wp-json\/wp\/v2\/media?parent=844"}],"wp:term":[{"taxonomy":"category","embeddable":true,"href":"https:\/\/www.colmus.org\/es\/wp-json\/wp\/v2\/categories?post=844"},{"taxonomy":"post_tag","embeddable":true,"href":"https:\/\/www.colmus.org\/es\/wp-json\/wp\/v2\/tags?post=844"}],"curies":[{"name":"wp","href":"https:\/\/api.w.org\/{rel}","templated":true}]}}