{"id":917,"date":"2021-11-30T11:36:38","date_gmt":"2021-11-30T11:36:38","guid":{"rendered":"https:\/\/www.colmus.org\/es\/?p=917"},"modified":"2021-12-09T15:04:11","modified_gmt":"2021-12-09T15:04:11","slug":"conciertos-navidenos-escandinavos","status":"publish","type":"post","link":"https:\/\/www.colmus.org\/es\/2021\/11\/30\/conciertos-navidenos-escandinavos\/","title":{"rendered":"Conciertos navide\u00f1os escandinavos"},"content":{"rendered":"<h2><strong>Conciertos navide\u00f1os escandinavos con Collegium Musicum<\/strong><\/h2>\n<h3>eL d\u00eda 12 de diciembre, el Coro y Orquesta Collegium Musicum Costa del Sol te invita a unirte a nosotros a las 19.30 h, en el hotel ipv palace &amp; spa in fuengirola para celebrar la Navidad. Tenemos previstos 1 concierto especiale.<\/h3>\n<p>Bajo la direcci\u00f3n de nuestra nueva directora musical, Delyth Bressington. Interpretaremos una maravillosa m\u00fasica navide\u00f1a con sabor Escandinavo, llena de vibrantes ritmos y maravillosas melod\u00edas.<\/p>\n<p>Ambos conciertos se celebraran en el Hotel IPV Palace &amp; Spa donde el aforo es reducido. Las entradas (10 \u20ac &#8211; ni\u00f1os 5 \u20ac) est\u00e1n disponibles enviando un correo a\u00a0 <a href=\"https:\/\/www.colmus.org\/es\/contacto\/\" target=\"_blank\" rel=\"noopener\">info@colmus.org<\/a>, y a trav\u00e9s de los miembros de nuestro coro.<\/p>\n<p><a href=\"https:\/\/www.colmus.org\/es\/conciertos\/\" target=\"_blank\" rel=\"noopener\">Programa de Navidad.<\/a><\/p>\n","protected":false},"excerpt":{"rendered":"<p>Conciertos navide\u00f1os escandinavos con Collegium Musicum eL d\u00eda 12 de diciembre, el Coro y Orquesta Collegium Musicum Costa del Sol te invita a unirte a nosotros a las 19.30 h, en el hotel ipv palace &amp; spa in fuengirola para celebrar la Navidad. Tenemos previstos 1 concierto especiale. Bajo la direcci\u00f3n de nuestra nueva directora..<\/p>\n","protected":false},"author":3,"featured_media":941,"comment_status":"open","ping_status":"closed","sticky":false,"template":"","format":"standard","meta":{"_acf_changed":false,"footnotes":""},"categories":[32,8,39,38],"tags":[],"class_list":["post-917","post","type-post","status-publish","format-standard","has-post-thumbnail","hentry","category-concierto","category-conciertos","category-escandinavos","category-navidad"],"acf":[],"_links":{"self":[{"href":"https:\/\/www.colmus.org\/es\/wp-json\/wp\/v2\/posts\/917","targetHints":{"allow":["GET"]}}],"collection":[{"href":"https:\/\/www.colmus.org\/es\/wp-json\/wp\/v2\/posts"}],"about":[{"href":"https:\/\/www.colmus.org\/es\/wp-json\/wp\/v2\/types\/post"}],"author":[{"embeddable":true,"href":"https:\/\/www.colmus.org\/es\/wp-json\/wp\/v2\/users\/3"}],"replies":[{"embeddable":true,"href":"https:\/\/www.colmus.org\/es\/wp-json\/wp\/v2\/comments?post=917"}],"version-history":[{"count":5,"href":"https:\/\/www.colmus.org\/es\/wp-json\/wp\/v2\/posts\/917\/revisions"}],"predecessor-version":[{"id":943,"href":"https:\/\/www.colmus.org\/es\/wp-json\/wp\/v2\/posts\/917\/revisions\/943"}],"wp:featuredmedia":[{"embeddable":true,"href":"https:\/\/www.colmus.org\/es\/wp-json\/wp\/v2\/media\/941"}],"wp:attachment":[{"href":"https:\/\/www.colmus.org\/es\/wp-json\/wp\/v2\/media?parent=917"}],"wp:term":[{"taxonomy":"category","embeddable":true,"href":"https:\/\/www.colmus.org\/es\/wp-json\/wp\/v2\/categories?post=917"},{"taxonomy":"post_tag","embeddable":true,"href":"https:\/\/www.colmus.org\/es\/wp-json\/wp\/v2\/tags?post=917"}],"curies":[{"name":"wp","href":"https:\/\/api.w.org\/{rel}","templated":true}]}}