{"id":945,"date":"2021-12-09T15:22:11","date_gmt":"2021-12-09T15:22:11","guid":{"rendered":"https:\/\/www.colmus.org\/es\/?p=945"},"modified":"2021-12-09T15:27:15","modified_gmt":"2021-12-09T15:27:15","slug":"programa-concierto-navidad-2021","status":"publish","type":"post","link":"https:\/\/www.colmus.org\/es\/2021\/12\/09\/programa-concierto-navidad-2021\/","title":{"rendered":"Programa Concierto Navidad 2021"},"content":{"rendered":"<h2><strong>NAVIDAD EN ESCANDINAVIA<\/strong><\/h2>\n<h4>En los \u00faltimos a\u00f1os, nuestros conciertos navide\u00f1os han presentado m\u00fasica de las Am\u00e9ricas, Gran Breta\u00f1a y Europa continental. Este a\u00f1o nos dirigimos hacia el norte para hacer un recorrido musical por Escandinavia y el Mar B\u00e1ltico.<\/h4>\n<p>Toda la m\u00fasica de este concierto ha sido arreglada para nosotros por Delyth Bressington, nuestra nueva directora musical.<\/p>\n<p><em>Empezamos nuestro viaje en Dinamarca \u2026<\/em><\/p>\n<ul>\n<li><em>\u00a0<\/em><strong>The Prince of Denmark\u2019s March \u2013 Jeremiah Clarke (1674 \u2013 1707)<\/strong><\/li>\n<li><strong>Three Danish Christmas Carols<\/strong><\/li>\n<li><strong>\u00a0\u00a0\u00a0\u00a0\u00a0\u00a0\u00a0\u00a0\u00a0\u00a0\u00a0\u00a0\u00a0\u00a0\u00a0 Et barn er fodt i Betlehem (trad.)<\/strong><\/li>\n<li><strong>\u00a0\u00a0\u00a0\u00a0\u00a0\u00a0\u00a0\u00a0\u00a0\u00a0\u00a0\u00a0\u00a0\u00a0\u00a0 Child Jesus came to Earth this day (N. Gade)<\/strong><\/li>\n<li><strong>\u00a0\u00a0\u00a0\u00a0\u00a0\u00a0\u00a0\u00a0\u00a0\u00a0\u00a0\u00a0\u00a0\u00a0\u00a0 Christmas has brought us blessings fair (C. Weyse)<\/strong><\/li>\n<\/ul>\n<p>\u2026 <em>y segiumos adelante a Suecia \u2026.<\/em><\/p>\n<ul>\n<li><em>\u00a0<\/em><strong>Santa Lucia<\/strong><\/li>\n<li><strong>Two Swedish carols<\/strong><\/li>\n<li><strong>Jul, Jul, stralende Jul (G. Nordqvist)<\/strong><\/li>\n<li><strong>O Yule, full of gladness (arr. Jennings)<\/strong><\/li>\n<\/ul>\n<p><em>nuestros viajes nos llevan a Finlandia .\u2026<\/em><\/p>\n<ul>\n<li><strong>Andante Festivo \u2013 Jean Sibelius (1892-1957)<\/strong><\/li>\n<li><strong>Five Christmas Songs <\/strong><\/li>\n<li><strong>Now stands Yule at the snowy gate<\/strong><\/li>\n<li><strong>Now is Christmas Coming<\/strong><\/li>\n<li><strong>O\u2019er Hill and Dale<\/strong><\/li>\n<li><strong>We ask for nothing rich or rare<\/strong><\/li>\n<li><strong>The shining snows are driven high<\/strong><\/li>\n<\/ul>\n<p><em>\u00a0\u2026<\/em> <em>y ahora a Noruega &#8230;<\/em><\/p>\n<ul>\n<li><strong>Peer Gynt Suite \u2013 Edvard Grieg (1843- 1907)<\/strong><\/li>\n<li><strong>The Rose \u2013 Ola Gjeilo (b. 1978)<\/strong><\/li>\n<\/ul>\n<p>\u2026 <em>navegamos por el Mar B\u00e1ltico hasta Letonia &#8230;<\/em><\/p>\n<p><strong>A Cantata for Christmas Eve \u2013 Vilnis Salaks (b. 1939)<\/strong><\/p>\n<p><em>\u2026 en nuestros sue\u00f1os volamos por encima del mundo &#8230;<\/em><\/p>\n<p><strong>The Snowman \u2013 Howard Blake (b.1938)<\/strong><\/p>\n<p><em>\u2026 y para terminar &#8211; \u00a1unas canciones navide\u00f1as muy felices!<\/em><\/p>\n<p><strong>Nutcracker Jingles \u2013 Bridwell <\/strong>(with special thanks to\/gracias a Tchaikovsky)<\/p>\n","protected":false},"excerpt":{"rendered":"<p>NAVIDAD EN ESCANDINAVIA En los \u00faltimos a\u00f1os, nuestros conciertos navide\u00f1os han presentado m\u00fasica de las Am\u00e9ricas, Gran Breta\u00f1a y Europa continental. Este a\u00f1o nos dirigimos hacia el norte para hacer un recorrido musical por Escandinavia y el Mar B\u00e1ltico. Toda la m\u00fasica de este concierto ha sido arreglada para nosotros por Delyth Bressington, nuestra nueva..<\/p>\n","protected":false},"author":3,"featured_media":946,"comment_status":"open","ping_status":"closed","sticky":false,"template":"","format":"standard","meta":{"_acf_changed":false,"footnotes":""},"categories":[32,39,38],"tags":[40],"class_list":["post-945","post","type-post","status-publish","format-standard","has-post-thumbnail","hentry","category-concierto","category-escandinavos","category-navidad","tag-concierto-navidad"],"acf":[],"_links":{"self":[{"href":"https:\/\/www.colmus.org\/es\/wp-json\/wp\/v2\/posts\/945","targetHints":{"allow":["GET"]}}],"collection":[{"href":"https:\/\/www.colmus.org\/es\/wp-json\/wp\/v2\/posts"}],"about":[{"href":"https:\/\/www.colmus.org\/es\/wp-json\/wp\/v2\/types\/post"}],"author":[{"embeddable":true,"href":"https:\/\/www.colmus.org\/es\/wp-json\/wp\/v2\/users\/3"}],"replies":[{"embeddable":true,"href":"https:\/\/www.colmus.org\/es\/wp-json\/wp\/v2\/comments?post=945"}],"version-history":[{"count":3,"href":"https:\/\/www.colmus.org\/es\/wp-json\/wp\/v2\/posts\/945\/revisions"}],"predecessor-version":[{"id":950,"href":"https:\/\/www.colmus.org\/es\/wp-json\/wp\/v2\/posts\/945\/revisions\/950"}],"wp:featuredmedia":[{"embeddable":true,"href":"https:\/\/www.colmus.org\/es\/wp-json\/wp\/v2\/media\/946"}],"wp:attachment":[{"href":"https:\/\/www.colmus.org\/es\/wp-json\/wp\/v2\/media?parent=945"}],"wp:term":[{"taxonomy":"category","embeddable":true,"href":"https:\/\/www.colmus.org\/es\/wp-json\/wp\/v2\/categories?post=945"},{"taxonomy":"post_tag","embeddable":true,"href":"https:\/\/www.colmus.org\/es\/wp-json\/wp\/v2\/tags?post=945"}],"curies":[{"name":"wp","href":"https:\/\/api.w.org\/{rel}","templated":true}]}}