{"id":968,"date":"2022-03-14T16:21:58","date_gmt":"2022-03-14T16:21:58","guid":{"rendered":"https:\/\/www.colmus.org\/es\/?p=968"},"modified":"2022-03-14T16:22:10","modified_gmt":"2022-03-14T16:22:10","slug":"una-velada-primaveral","status":"publish","type":"post","link":"https:\/\/www.colmus.org\/es\/2022\/03\/14\/una-velada-primaveral\/","title":{"rendered":"Una velada primaveral"},"content":{"rendered":"<p>El viernes d\u00eda 1 de abril de 2022, el Coro y Orquesta Collegium Musicum, dirigidos por Delyth Bressington, ofrecer\u00e1n un concierto especial para dar la bienvenida a la primavera.<\/p>\n<p>Dicho concierto se celebrar\u00e1 en la Iglesia Danesa \u2013 Margrethekirken &#8211; Las Lagunas-Mijas Costa, a las 20:00h.<\/p>\n<p>El coro y Orquesta interpretar\u00e1n un popurr\u00ed de m\u00fasica, tanto sacra como profana, desde \u201cespirituales\u201d hasta una selecci\u00f3n de canciones del musical \u201cSonrisas y l\u00e1grimas\u201d.<\/p>\n<p>Entradas a 10 \u20ac, disponibles a trav\u00e9s de los correos electr\u00f3nicos siguientes: <a href=\"mailto:margrethekirken@margrethekirken.com\">margrethekirken@margrethekirken.com<\/a>, <a href=\"mailto:info@colmus.org\">info@colmus.org<\/a> o compradas directamente a nuestros miembros. Asientos disponibles limitados.<\/p>\n<p><a href=\"https:\/\/www.facebook.com\/ColMusCostadelSol\" target=\"_blank\" rel=\"noopener\"><img loading=\"lazy\" decoding=\"async\" class=\"alignleft wp-image-970\" src=\"https:\/\/www.colmus.org\/es\/wp-content\/uploads\/sites\/2\/2022\/03\/facebook-icon-photoshop-300x300.png\" alt=\"\" width=\"51\" height=\"51\" srcset=\"https:\/\/www.colmus.org\/es\/wp-content\/uploads\/sites\/2\/2022\/03\/facebook-icon-photoshop-300x300.png 300w, https:\/\/www.colmus.org\/es\/wp-content\/uploads\/sites\/2\/2022\/03\/facebook-icon-photoshop-150x150.png 150w, https:\/\/www.colmus.org\/es\/wp-content\/uploads\/sites\/2\/2022\/03\/facebook-icon-photoshop-400x400.png 400w, https:\/\/www.colmus.org\/es\/wp-content\/uploads\/sites\/2\/2022\/03\/facebook-icon-photoshop.png 591w\" sizes=\"auto, (max-width: 51px) 100vw, 51px\" \/><\/a><\/p>\n","protected":false},"excerpt":{"rendered":"<p>El viernes d\u00eda 1 de abril de 2022, el Coro y Orquesta Collegium Musicum, dirigidos por Delyth Bressington, ofrecer\u00e1n un concierto especial para dar la bienvenida a la primavera. Dicho concierto se celebrar\u00e1 en la Iglesia Danesa \u2013 Margrethekirken &#8211; Las Lagunas-Mijas Costa, a las 20:00h. El coro y Orquesta interpretar\u00e1n un popurr\u00ed de m\u00fasica,..<\/p>\n","protected":false},"author":3,"featured_media":971,"comment_status":"open","ping_status":"closed","sticky":false,"template":"","format":"standard","meta":{"_acf_changed":false,"footnotes":""},"categories":[32],"tags":[],"class_list":["post-968","post","type-post","status-publish","format-standard","has-post-thumbnail","hentry","category-concierto"],"acf":[],"_links":{"self":[{"href":"https:\/\/www.colmus.org\/es\/wp-json\/wp\/v2\/posts\/968","targetHints":{"allow":["GET"]}}],"collection":[{"href":"https:\/\/www.colmus.org\/es\/wp-json\/wp\/v2\/posts"}],"about":[{"href":"https:\/\/www.colmus.org\/es\/wp-json\/wp\/v2\/types\/post"}],"author":[{"embeddable":true,"href":"https:\/\/www.colmus.org\/es\/wp-json\/wp\/v2\/users\/3"}],"replies":[{"embeddable":true,"href":"https:\/\/www.colmus.org\/es\/wp-json\/wp\/v2\/comments?post=968"}],"version-history":[{"count":1,"href":"https:\/\/www.colmus.org\/es\/wp-json\/wp\/v2\/posts\/968\/revisions"}],"predecessor-version":[{"id":976,"href":"https:\/\/www.colmus.org\/es\/wp-json\/wp\/v2\/posts\/968\/revisions\/976"}],"wp:featuredmedia":[{"embeddable":true,"href":"https:\/\/www.colmus.org\/es\/wp-json\/wp\/v2\/media\/971"}],"wp:attachment":[{"href":"https:\/\/www.colmus.org\/es\/wp-json\/wp\/v2\/media?parent=968"}],"wp:term":[{"taxonomy":"category","embeddable":true,"href":"https:\/\/www.colmus.org\/es\/wp-json\/wp\/v2\/categories?post=968"},{"taxonomy":"post_tag","embeddable":true,"href":"https:\/\/www.colmus.org\/es\/wp-json\/wp\/v2\/tags?post=968"}],"curies":[{"name":"wp","href":"https:\/\/api.w.org\/{rel}","templated":true}]}}